{"id":2337,"date":"2025-06-09T16:39:41","date_gmt":"2025-06-09T16:39:41","guid":{"rendered":"http:\/\/localhost:10018\/it\/?p=2337"},"modified":"2025-06-09T16:39:42","modified_gmt":"2025-06-09T16:39:42","slug":"isoclima-alla-24-ore-di-le-mans-2025-dove-nascono-le-leggende-dove-il-futuro-prende-forma","status":"publish","type":"post","link":"http:\/\/www.isoclimagroup.com\/it\/isoclima-alla-24-ore-di-le-mans-2025-dove-nascono-le-leggende-dove-il-futuro-prende-forma\/","title":{"rendered":"Isoclima alla 24 Ore di Le Mans 2025: Dove nascono le leggende, dove il futuro prende forma"},"content":{"rendered":"\n<p><\/p>\n\n\n\n<p><strong>Dal 14 al 15 giugno 2025<\/strong>, Isoclima \u00e8 orgogliosa di partecipare alla <strong>93\u00aa edizione della 24 Ore di Le Mans<\/strong>, la gara di endurance pi\u00f9 iconica al mondo. <\/p>\n\n\n\n<p>Questo evento leggendario non rappresenta solo una celebrazione dell\u2019eccellenza nel motorsport, ma anche un banco di prova fondamentale per le tecnologie che definiranno la mobilit\u00e0 di domani. In qualit\u00e0 di partner di MissionH24, Isoclima si conferma ancora una volta in prima linea nella transizione verso un futuro pi\u00f9 sostenibile e ad alte prestazioni.<\/p>\n\n\n\n<p>Le Mans \u00e8 da sempre il punto d\u2019incontro tra innovazione e resilienza. \u00c8 il luogo in cui innovazioni rivoluzionarie come motori ibridi, fari laser, sistemi rigenerativi ed ora l\u2019idrogeno, vengono spinte al limite prima di entrare a far parte della nostra quotidianit\u00e0. In questo contesto, la presenza di Isoclima rafforza il suo ruolo di catalizzatore del cambiamento, applicando soluzioni trasparenti e ad alte prestazioni alle sfide pi\u00f9 estreme e contribuendo a delineare i confini della mobilit\u00e0 futura.<\/p>\n\n\n\n<p>Quest\u2019anno, il nostro impegno per l\u2019innovazione si concretizza nella nostra partecipazione all\u2019Hydrogen Village, la cui inaugurazione \u00e8 prevista per l\u201911 giugno, dove le tecnologie a idrogeno pi\u00f9 all\u2019avanguardia saranno protagoniste. Questo spazio non \u00e8 solo una vetrina, bens\u00ec una dichiarazione d\u2019intenti: un impegno verso un futuro pi\u00f9 pulito e responsabile, in linea con i nostri valori fondamentali di sostenibilit\u00e0 ed eccellenza.<\/p>\n\n\n\n<p>Ma Le Mans non \u00e8 solo macchine, \u00e8 soprattutto persone. La gara, \u00e8 la prova suprema di resistenza che richiede concentrazione mentale, resilienza fisica e uno spirito indomabile. \u00c8 proprio questa essenza \u2014la forza umana unita all\u2019ingegno tecnico\u2014 che ispira il nostro lavoro in ogni settore che serviamo: dall\u2019automotive alla difesa, dallo yachting all\u2019architettura.<\/p>\n\n\n\n<p>Partecipiamo non solo per supportare l\u2019innovazione, ma per contribuire a plasmarla. La nostra presenza a Le Mans mette in evidenza come la nostra esperienza trasversale si traduca in soluzioni rivoluzionarie, tanto funzionali quanto visionarie. \u00c8 grazie a questa combinazione di passione, ingegneria e collaborazione che continuiamo a guidare il progresso in ogni ambito in cui operiamo.<\/p>\n\n\n\n<p>Dalla Parata delle Auto nel centro citt\u00e0 il 7 giugno, alla cena presidenziale dell\u2019ACO del 13 giugno, fino alla partenza ufficiale della gara il 14 giugno, il percorso di Isoclima a Le Mans \u00e8 una celebrazione della tecnologia, della sfida umana e della volont\u00e0 di andare oltre.<\/p>\n\n\n\n<p>Alla 24 Ore di Le Mans 2025, non stiamo semplicemente seguendo il futuro della mobilit\u00e0\u2014lo stiamo costruendo. E lo facciamo l\u00e0 dove nascono le leggende.<\/p>\n\n\n\n<p><strong>Guidiamolo insieme.<\/strong><\/p>\n\n\n\n<figure class=\"wp-block-image size-full\"><img fetchpriority=\"high\" decoding=\"async\" width=\"509\" height=\"636\" src=\"http:\/\/www.isoclimagroup.com\/it\/wp-content\/uploads\/sites\/3\/2025\/06\/image-1.png\" alt=\"\" class=\"wp-image-2338\" srcset=\"http:\/\/www.isoclimagroup.com\/it\/wp-content\/uploads\/sites\/3\/2025\/06\/image-1.png 509w, http:\/\/www.isoclimagroup.com\/it\/wp-content\/uploads\/sites\/3\/2025\/06\/image-1-240x300.png 240w, http:\/\/www.isoclimagroup.com\/it\/wp-content\/uploads\/sites\/3\/2025\/06\/image-1-300x375.png 300w\" sizes=\"(max-width: 509px) 100vw, 509px\" \/><\/figure>\n","protected":false},"excerpt":{"rendered":"<p>Dal 14 al 15 giugno 2025, Isoclima \u00e8 orgogliosa di partecipare alla 93\u00aa edizione della 24 Ore di Le Mans, la gara di endurance pi\u00f9 iconica al mondo. Questo evento leggendario non rappresenta solo una celebrazione dell\u2019eccellenza nel motorsport, ma anche un banco di prova fondamentale per le tecnologie che definiranno la mobilit\u00e0 di domani. &hellip;<\/p>\n","protected":false},"author":11,"featured_media":2339,"comment_status":"closed","ping_status":"closed","sticky":false,"template":"","format":"standard","meta":{"_acf_changed":false,"_genesis_block_theme_hide_title":false,"footnotes":""},"categories":[28],"tags":[],"class_list":{"0":"post-2337","1":"post","2":"type-post","3":"status-publish","4":"format-standard","5":"has-post-thumbnail","6":"hentry","7":"category-eventi","9":"with-featured-image"},"acf":[],"yoast_head":"<!-- This site is optimized with the Yoast SEO plugin v27.4 - https:\/\/yoast.com\/product\/yoast-seo-wordpress\/ -->\n<title>Isoclima alla 24 Ore di Le Mans 2025: Dove nascono le leggende, dove il futuro prende forma | Isoclima IT<\/title>\n<meta name=\"robots\" content=\"noindex, follow\" \/>\n<meta property=\"og:locale\" content=\"it_IT\" \/>\n<meta property=\"og:type\" content=\"article\" \/>\n<meta property=\"og:title\" content=\"Isoclima alla 24 Ore di Le Mans 2025: Dove nascono le leggende, dove il futuro prende forma | Isoclima IT\" \/>\n<meta property=\"og:description\" content=\"Dal 14 al 15 giugno 2025, Isoclima \u00e8 orgogliosa di partecipare alla 93\u00aa edizione della 24 Ore di Le Mans, la gara di endurance pi\u00f9 iconica al mondo. Questo evento leggendario non rappresenta solo una celebrazione dell\u2019eccellenza nel motorsport, ma anche un banco di prova fondamentale per le tecnologie che definiranno la mobilit\u00e0 di domani. &hellip;\" \/>\n<meta property=\"og:url\" content=\"http:\/\/www.isoclimagroup.com\/it\/isoclima-alla-24-ore-di-le-mans-2025-dove-nascono-le-leggende-dove-il-futuro-prende-forma\/\" \/>\n<meta property=\"og:site_name\" content=\"Isoclima IT\" \/>\n<meta property=\"article:published_time\" content=\"2025-06-09T16:39:41+00:00\" \/>\n<meta property=\"article:modified_time\" content=\"2025-06-09T16:39:42+00:00\" \/>\n<meta property=\"og:image\" content=\"http:\/\/www.isoclimagroup.com\/it\/wp-content\/uploads\/sites\/3\/2025\/06\/cars-group-photo-2.webp\" \/>\n\t<meta property=\"og:image:width\" content=\"1000\" \/>\n\t<meta property=\"og:image:height\" content=\"667\" \/>\n\t<meta property=\"og:image:type\" content=\"image\/webp\" \/>\n<meta name=\"author\" content=\"svitlana\" \/>\n<meta name=\"twitter:card\" content=\"summary_large_image\" \/>\n<meta name=\"twitter:label1\" content=\"Written by\" \/>\n\t<meta name=\"twitter:data1\" content=\"svitlana\" \/>\n\t<meta name=\"twitter:label2\" content=\"Est. reading time\" \/>\n\t<meta name=\"twitter:data2\" content=\"3 minuti\" \/>\n<script type=\"application\/ld+json\" class=\"yoast-schema-graph\">{\"@context\":\"https:\\\/\\\/schema.org\",\"@graph\":[{\"@type\":\"Article\",\"@id\":\"http:\\\/\\\/www.isoclimagroup.com\\\/it\\\/isoclima-alla-24-ore-di-le-mans-2025-dove-nascono-le-leggende-dove-il-futuro-prende-forma\\\/#article\",\"isPartOf\":{\"@id\":\"http:\\\/\\\/www.isoclimagroup.com\\\/it\\\/isoclima-alla-24-ore-di-le-mans-2025-dove-nascono-le-leggende-dove-il-futuro-prende-forma\\\/\"},\"author\":{\"name\":\"svitlana\",\"@id\":\"https:\\\/\\\/www.isoclimagroup.com\\\/it\\\/#\\\/schema\\\/person\\\/1aa6d4442870d5834e0b9046151bff2c\"},\"headline\":\"Isoclima alla 24 Ore di Le Mans 2025: Dove nascono le leggende, dove il futuro prende forma\",\"datePublished\":\"2025-06-09T16:39:41+00:00\",\"dateModified\":\"2025-06-09T16:39:42+00:00\",\"mainEntityOfPage\":{\"@id\":\"http:\\\/\\\/www.isoclimagroup.com\\\/it\\\/isoclima-alla-24-ore-di-le-mans-2025-dove-nascono-le-leggende-dove-il-futuro-prende-forma\\\/\"},\"wordCount\":411,\"image\":{\"@id\":\"http:\\\/\\\/www.isoclimagroup.com\\\/it\\\/isoclima-alla-24-ore-di-le-mans-2025-dove-nascono-le-leggende-dove-il-futuro-prende-forma\\\/#primaryimage\"},\"thumbnailUrl\":\"http:\\\/\\\/www.isoclimagroup.com\\\/it\\\/wp-content\\\/uploads\\\/sites\\\/3\\\/2025\\\/06\\\/cars-group-photo-2.webp\",\"articleSection\":[\"Eventi\"],\"inLanguage\":\"it-IT\"},{\"@type\":\"WebPage\",\"@id\":\"http:\\\/\\\/www.isoclimagroup.com\\\/it\\\/isoclima-alla-24-ore-di-le-mans-2025-dove-nascono-le-leggende-dove-il-futuro-prende-forma\\\/\",\"url\":\"http:\\\/\\\/www.isoclimagroup.com\\\/it\\\/isoclima-alla-24-ore-di-le-mans-2025-dove-nascono-le-leggende-dove-il-futuro-prende-forma\\\/\",\"name\":\"Isoclima alla 24 Ore di Le Mans 2025: Dove nascono le leggende, dove il futuro prende forma | Isoclima IT\",\"isPartOf\":{\"@id\":\"https:\\\/\\\/www.isoclimagroup.com\\\/it\\\/#website\"},\"primaryImageOfPage\":{\"@id\":\"http:\\\/\\\/www.isoclimagroup.com\\\/it\\\/isoclima-alla-24-ore-di-le-mans-2025-dove-nascono-le-leggende-dove-il-futuro-prende-forma\\\/#primaryimage\"},\"image\":{\"@id\":\"http:\\\/\\\/www.isoclimagroup.com\\\/it\\\/isoclima-alla-24-ore-di-le-mans-2025-dove-nascono-le-leggende-dove-il-futuro-prende-forma\\\/#primaryimage\"},\"thumbnailUrl\":\"http:\\\/\\\/www.isoclimagroup.com\\\/it\\\/wp-content\\\/uploads\\\/sites\\\/3\\\/2025\\\/06\\\/cars-group-photo-2.webp\",\"datePublished\":\"2025-06-09T16:39:41+00:00\",\"dateModified\":\"2025-06-09T16:39:42+00:00\",\"author\":{\"@id\":\"https:\\\/\\\/www.isoclimagroup.com\\\/it\\\/#\\\/schema\\\/person\\\/1aa6d4442870d5834e0b9046151bff2c\"},\"breadcrumb\":{\"@id\":\"http:\\\/\\\/www.isoclimagroup.com\\\/it\\\/isoclima-alla-24-ore-di-le-mans-2025-dove-nascono-le-leggende-dove-il-futuro-prende-forma\\\/#breadcrumb\"},\"inLanguage\":\"it-IT\",\"potentialAction\":[{\"@type\":\"ReadAction\",\"target\":[\"http:\\\/\\\/www.isoclimagroup.com\\\/it\\\/isoclima-alla-24-ore-di-le-mans-2025-dove-nascono-le-leggende-dove-il-futuro-prende-forma\\\/\"]}]},{\"@type\":\"ImageObject\",\"inLanguage\":\"it-IT\",\"@id\":\"http:\\\/\\\/www.isoclimagroup.com\\\/it\\\/isoclima-alla-24-ore-di-le-mans-2025-dove-nascono-le-leggende-dove-il-futuro-prende-forma\\\/#primaryimage\",\"url\":\"http:\\\/\\\/www.isoclimagroup.com\\\/it\\\/wp-content\\\/uploads\\\/sites\\\/3\\\/2025\\\/06\\\/cars-group-photo-2.webp\",\"contentUrl\":\"http:\\\/\\\/www.isoclimagroup.com\\\/it\\\/wp-content\\\/uploads\\\/sites\\\/3\\\/2025\\\/06\\\/cars-group-photo-2.webp\",\"width\":1000,\"height\":667},{\"@type\":\"BreadcrumbList\",\"@id\":\"http:\\\/\\\/www.isoclimagroup.com\\\/it\\\/isoclima-alla-24-ore-di-le-mans-2025-dove-nascono-le-leggende-dove-il-futuro-prende-forma\\\/#breadcrumb\",\"itemListElement\":[{\"@type\":\"ListItem\",\"position\":1,\"name\":\"Home\",\"item\":\"http:\\\/\\\/www.isoclimagroup.com\\\/it\\\/\"},{\"@type\":\"ListItem\",\"position\":2,\"name\":\"Isoclima alla 24 Ore di Le Mans 2025: Dove nascono le leggende, dove il futuro prende forma\"}]},{\"@type\":\"WebSite\",\"@id\":\"https:\\\/\\\/www.isoclimagroup.com\\\/it\\\/#website\",\"url\":\"https:\\\/\\\/www.isoclimagroup.com\\\/it\\\/\",\"name\":\"Isoclima IT\",\"description\":\"\",\"potentialAction\":[{\"@type\":\"SearchAction\",\"target\":{\"@type\":\"EntryPoint\",\"urlTemplate\":\"https:\\\/\\\/www.isoclimagroup.com\\\/it\\\/?s={search_term_string}\"},\"query-input\":{\"@type\":\"PropertyValueSpecification\",\"valueRequired\":true,\"valueName\":\"search_term_string\"}}],\"inLanguage\":\"it-IT\"},{\"@type\":\"Person\",\"@id\":\"https:\\\/\\\/www.isoclimagroup.com\\\/it\\\/#\\\/schema\\\/person\\\/1aa6d4442870d5834e0b9046151bff2c\",\"name\":\"svitlana\",\"image\":{\"@type\":\"ImageObject\",\"inLanguage\":\"it-IT\",\"@id\":\"http:\\\/\\\/www.isoclimagroup.com\\\/it\\\/wp-content\\\/uploads\\\/sites\\\/3\\\/2025\\\/06\\\/Senza-titolo-3-300x300-1-e1749739950513-150x150.png\",\"url\":\"http:\\\/\\\/www.isoclimagroup.com\\\/it\\\/wp-content\\\/uploads\\\/sites\\\/3\\\/2025\\\/06\\\/Senza-titolo-3-300x300-1-e1749739950513-150x150.png\",\"contentUrl\":\"http:\\\/\\\/www.isoclimagroup.com\\\/it\\\/wp-content\\\/uploads\\\/sites\\\/3\\\/2025\\\/06\\\/Senza-titolo-3-300x300-1-e1749739950513-150x150.png\",\"caption\":\"svitlana\"},\"url\":\"http:\\\/\\\/www.isoclimagroup.com\\\/it\\\/author\\\/svitlana\\\/\"}]}<\/script>\n<!-- \/ Yoast SEO plugin. -->","yoast_head_json":{"title":"Isoclima alla 24 Ore di Le Mans 2025: Dove nascono le leggende, dove il futuro prende forma | Isoclima IT","robots":{"index":"noindex","follow":"follow"},"og_locale":"it_IT","og_type":"article","og_title":"Isoclima alla 24 Ore di Le Mans 2025: Dove nascono le leggende, dove il futuro prende forma | Isoclima IT","og_description":"Dal 14 al 15 giugno 2025, Isoclima \u00e8 orgogliosa di partecipare alla 93\u00aa edizione della 24 Ore di Le Mans, la gara di endurance pi\u00f9 iconica al mondo. Questo evento leggendario non rappresenta solo una celebrazione dell\u2019eccellenza nel motorsport, ma anche un banco di prova fondamentale per le tecnologie che definiranno la mobilit\u00e0 di domani. &hellip;","og_url":"http:\/\/www.isoclimagroup.com\/it\/isoclima-alla-24-ore-di-le-mans-2025-dove-nascono-le-leggende-dove-il-futuro-prende-forma\/","og_site_name":"Isoclima IT","article_published_time":"2025-06-09T16:39:41+00:00","article_modified_time":"2025-06-09T16:39:42+00:00","og_image":[{"width":1000,"height":667,"url":"http:\/\/www.isoclimagroup.com\/it\/wp-content\/uploads\/sites\/3\/2025\/06\/cars-group-photo-2.webp","type":"image\/webp"}],"author":"svitlana","twitter_card":"summary_large_image","twitter_misc":{"Written by":"svitlana","Est. reading time":"3 minuti"},"schema":{"@context":"https:\/\/schema.org","@graph":[{"@type":"Article","@id":"http:\/\/www.isoclimagroup.com\/it\/isoclima-alla-24-ore-di-le-mans-2025-dove-nascono-le-leggende-dove-il-futuro-prende-forma\/#article","isPartOf":{"@id":"http:\/\/www.isoclimagroup.com\/it\/isoclima-alla-24-ore-di-le-mans-2025-dove-nascono-le-leggende-dove-il-futuro-prende-forma\/"},"author":{"name":"svitlana","@id":"https:\/\/www.isoclimagroup.com\/it\/#\/schema\/person\/1aa6d4442870d5834e0b9046151bff2c"},"headline":"Isoclima alla 24 Ore di Le Mans 2025: Dove nascono le leggende, dove il futuro prende forma","datePublished":"2025-06-09T16:39:41+00:00","dateModified":"2025-06-09T16:39:42+00:00","mainEntityOfPage":{"@id":"http:\/\/www.isoclimagroup.com\/it\/isoclima-alla-24-ore-di-le-mans-2025-dove-nascono-le-leggende-dove-il-futuro-prende-forma\/"},"wordCount":411,"image":{"@id":"http:\/\/www.isoclimagroup.com\/it\/isoclima-alla-24-ore-di-le-mans-2025-dove-nascono-le-leggende-dove-il-futuro-prende-forma\/#primaryimage"},"thumbnailUrl":"http:\/\/www.isoclimagroup.com\/it\/wp-content\/uploads\/sites\/3\/2025\/06\/cars-group-photo-2.webp","articleSection":["Eventi"],"inLanguage":"it-IT"},{"@type":"WebPage","@id":"http:\/\/www.isoclimagroup.com\/it\/isoclima-alla-24-ore-di-le-mans-2025-dove-nascono-le-leggende-dove-il-futuro-prende-forma\/","url":"http:\/\/www.isoclimagroup.com\/it\/isoclima-alla-24-ore-di-le-mans-2025-dove-nascono-le-leggende-dove-il-futuro-prende-forma\/","name":"Isoclima alla 24 Ore di Le Mans 2025: Dove nascono le leggende, dove il futuro prende forma | Isoclima IT","isPartOf":{"@id":"https:\/\/www.isoclimagroup.com\/it\/#website"},"primaryImageOfPage":{"@id":"http:\/\/www.isoclimagroup.com\/it\/isoclima-alla-24-ore-di-le-mans-2025-dove-nascono-le-leggende-dove-il-futuro-prende-forma\/#primaryimage"},"image":{"@id":"http:\/\/www.isoclimagroup.com\/it\/isoclima-alla-24-ore-di-le-mans-2025-dove-nascono-le-leggende-dove-il-futuro-prende-forma\/#primaryimage"},"thumbnailUrl":"http:\/\/www.isoclimagroup.com\/it\/wp-content\/uploads\/sites\/3\/2025\/06\/cars-group-photo-2.webp","datePublished":"2025-06-09T16:39:41+00:00","dateModified":"2025-06-09T16:39:42+00:00","author":{"@id":"https:\/\/www.isoclimagroup.com\/it\/#\/schema\/person\/1aa6d4442870d5834e0b9046151bff2c"},"breadcrumb":{"@id":"http:\/\/www.isoclimagroup.com\/it\/isoclima-alla-24-ore-di-le-mans-2025-dove-nascono-le-leggende-dove-il-futuro-prende-forma\/#breadcrumb"},"inLanguage":"it-IT","potentialAction":[{"@type":"ReadAction","target":["http:\/\/www.isoclimagroup.com\/it\/isoclima-alla-24-ore-di-le-mans-2025-dove-nascono-le-leggende-dove-il-futuro-prende-forma\/"]}]},{"@type":"ImageObject","inLanguage":"it-IT","@id":"http:\/\/www.isoclimagroup.com\/it\/isoclima-alla-24-ore-di-le-mans-2025-dove-nascono-le-leggende-dove-il-futuro-prende-forma\/#primaryimage","url":"http:\/\/www.isoclimagroup.com\/it\/wp-content\/uploads\/sites\/3\/2025\/06\/cars-group-photo-2.webp","contentUrl":"http:\/\/www.isoclimagroup.com\/it\/wp-content\/uploads\/sites\/3\/2025\/06\/cars-group-photo-2.webp","width":1000,"height":667},{"@type":"BreadcrumbList","@id":"http:\/\/www.isoclimagroup.com\/it\/isoclima-alla-24-ore-di-le-mans-2025-dove-nascono-le-leggende-dove-il-futuro-prende-forma\/#breadcrumb","itemListElement":[{"@type":"ListItem","position":1,"name":"Home","item":"http:\/\/www.isoclimagroup.com\/it\/"},{"@type":"ListItem","position":2,"name":"Isoclima alla 24 Ore di Le Mans 2025: Dove nascono le leggende, dove il futuro prende forma"}]},{"@type":"WebSite","@id":"https:\/\/www.isoclimagroup.com\/it\/#website","url":"https:\/\/www.isoclimagroup.com\/it\/","name":"Isoclima IT","description":"","potentialAction":[{"@type":"SearchAction","target":{"@type":"EntryPoint","urlTemplate":"https:\/\/www.isoclimagroup.com\/it\/?s={search_term_string}"},"query-input":{"@type":"PropertyValueSpecification","valueRequired":true,"valueName":"search_term_string"}}],"inLanguage":"it-IT"},{"@type":"Person","@id":"https:\/\/www.isoclimagroup.com\/it\/#\/schema\/person\/1aa6d4442870d5834e0b9046151bff2c","name":"svitlana","image":{"@type":"ImageObject","inLanguage":"it-IT","@id":"http:\/\/www.isoclimagroup.com\/it\/wp-content\/uploads\/sites\/3\/2025\/06\/Senza-titolo-3-300x300-1-e1749739950513-150x150.png","url":"http:\/\/www.isoclimagroup.com\/it\/wp-content\/uploads\/sites\/3\/2025\/06\/Senza-titolo-3-300x300-1-e1749739950513-150x150.png","contentUrl":"http:\/\/www.isoclimagroup.com\/it\/wp-content\/uploads\/sites\/3\/2025\/06\/Senza-titolo-3-300x300-1-e1749739950513-150x150.png","caption":"svitlana"},"url":"http:\/\/www.isoclimagroup.com\/it\/author\/svitlana\/"}]}},"_links":{"self":[{"href":"http:\/\/www.isoclimagroup.com\/it\/wp-json\/wp\/v2\/posts\/2337","targetHints":{"allow":["GET"]}}],"collection":[{"href":"http:\/\/www.isoclimagroup.com\/it\/wp-json\/wp\/v2\/posts"}],"about":[{"href":"http:\/\/www.isoclimagroup.com\/it\/wp-json\/wp\/v2\/types\/post"}],"author":[{"embeddable":true,"href":"http:\/\/www.isoclimagroup.com\/it\/wp-json\/wp\/v2\/users\/11"}],"replies":[{"embeddable":true,"href":"http:\/\/www.isoclimagroup.com\/it\/wp-json\/wp\/v2\/comments?post=2337"}],"version-history":[{"count":0,"href":"http:\/\/www.isoclimagroup.com\/it\/wp-json\/wp\/v2\/posts\/2337\/revisions"}],"wp:featuredmedia":[{"embeddable":true,"href":"http:\/\/www.isoclimagroup.com\/it\/wp-json\/wp\/v2\/media\/2339"}],"wp:attachment":[{"href":"http:\/\/www.isoclimagroup.com\/it\/wp-json\/wp\/v2\/media?parent=2337"}],"wp:term":[{"taxonomy":"category","embeddable":true,"href":"http:\/\/www.isoclimagroup.com\/it\/wp-json\/wp\/v2\/categories?post=2337"},{"taxonomy":"post_tag","embeddable":true,"href":"http:\/\/www.isoclimagroup.com\/it\/wp-json\/wp\/v2\/tags?post=2337"}],"curies":[{"name":"wp","href":"https:\/\/api.w.org\/{rel}","templated":true}]}}