{"id":2458,"date":"2025-09-17T07:02:06","date_gmt":"2025-09-17T07:02:06","guid":{"rendered":"http:\/\/localhost:10018\/it\/?p=2458"},"modified":"2025-09-17T07:02:07","modified_gmt":"2025-09-17T07:02:07","slug":"isoclima-la-prima-azienda-italiana-ad-aderire-al-programma-crescere-insieme-della-divisione-elicotteri-di-leonardo-innovazione-e-investimenti-per-rafforzare-la-filiera-nazionale-de","status":"publish","type":"post","link":"http:\/\/www.isoclimagroup.com\/it\/isoclima-la-prima-azienda-italiana-ad-aderire-al-programma-crescere-insieme-della-divisione-elicotteri-di-leonardo-innovazione-e-investimenti-per-rafforzare-la-filiera-nazionale-de\/","title":{"rendered":"Isoclima, la prima azienda italiana ad aderire al programma \u201cCrescere Insieme\u201d della divisione Elicotteri di Leonardo: innovazione e investimenti per rafforzare la filiera nazionale dell\u2019aerospazio"},"content":{"rendered":"\n<p>Venezia, 16 settembre 2025 \u2013 Oggi, alla presenza del Presidente della Regione Veneto, Luca Zaia, &nbsp;Isoclima Group e la divisione Elicotteri di Leonardo hanno firmato un accordo strategico che sancisce l\u2019ingresso di Isoclima come prima azienda italiana a partecipare a \u201cCrescere Insieme\u201d, l\u2019iniziativa lanciata da Leonardo \u2013 Divisione Elicotteri \u2013 per rafforzare la supply chain nazionale nel settore Aerospazio e ridurre la dipendenza da forniture estere in ambiti tecnologici strategici.<\/p>\n\n\n\n<p>Grazie al sostegno della Regione Veneto e della Rete Innovativa Regionale (RIR) AIR, il progetto era stato presentato alle imprese venete il 4 luglio 2024 a Venezia. Questa sinergia ha permesso di avviare un percorso che oggi vede Isoclima come prima realt\u00e0 selezionata per firmare un accordo di sviluppo, certificazione e produzione di un sistema di trasparenti altamente tecnologico.<\/p>\n\n\n\n<p><\/p>\n\n\n\n<p><strong>Un progetto ad alto contenuto tecnologico<\/strong><\/p>\n\n\n\n<p>L\u2019accordo riguarda lo sviluppo, la certificazione e la produzione di trasparenti avanzati per due delle principali piattaforme elicotteristiche di Leonardo, AW139 ed AW189.<\/p>\n\n\n\n<p>Queste soluzioni saranno interamente progettate e realizzate in Italia. Isoclima metter\u00e0 in campo la propria profonda conoscenza dei materiali e le tecnologie sviluppate in oltre cinquant\u2019anni di esperienza, rafforzando la filiera nazionale e posizionandosi come centro di eccellenza e innovazione nel settore aerospace.<\/p>\n\n\n\n<p>Il&nbsp;know-how sviluppato da&nbsp;Isoclima, unito&nbsp;ad&nbsp;investimenti mirati in tecnologie all\u2019avanguardia&nbsp;(ad es. l\u2019impianto di Tempra Chimica pi\u00f9 grande del mondo nello stabilimento di Borgo Veneto) hanno&nbsp;permesso all\u2019azienda di Este di&nbsp;diventare&nbsp;partner per le soluzioni trasparenti di clienti esigenti e prestigiosi,&nbsp;non solo nel mondo dell\u2019Aviazione&nbsp;ma anche nello&nbsp;Yachting, nelle&nbsp;Super&nbsp;Cars,&nbsp;delle&nbsp;Auto Blindate per le Forze dell\u2019Ordine&nbsp;e&nbsp;dell\u2019Architettura di Sicurezza.<\/p>\n\n\n\n<p><\/p>\n\n\n\n<p><strong>Investimenti strategici per il Veneto e l\u2019Italia<\/strong><\/p>\n\n\n\n<p>Per rendere possibile questo traguardo, Isoclima ha avviato un piano di investimenti da 2 milioni di euro, finalizzato a:<\/p>\n\n\n\n<ul class=\"wp-block-list\">\n<li>ottenere la certificazione EASA per l\u2019omologazione dei vetri aeronautici;<\/li>\n\n\n\n<li>sviluppare tooling e sistemi produttivi dedicati richiesti dal partner industriale;<\/li>\n\n\n\n<li>acquisire attrezzature e materiali ad alto contenuto tecnologico, incrementando efficienza e sostenibilit\u00e0 ambientale;<\/li>\n\n\n\n<li>eseguire test avanzati in condizioni operative critiche per garantire sicurezza, affidabilit\u00e0 e prestazioni dei componenti.<\/li>\n<\/ul>\n\n\n\n<p>Questo progetto rientra nella Strategia di Specializzazione Intelligente (S3) del Veneto, creando valore attraverso l\u2019innovazione industriale, la crescita sostenibile e la collaborazione tra imprese, universit\u00e0 e centri di ricerca. L\u2019iniziativa generer\u00e0 impatti positivi su occupazione qualificata, competitivit\u00e0 regionale e reputazione internazionale del Veneto nei settori aerospaziale, sicurezza e mobilit\u00e0 avanzata.<\/p>\n\n\n\n<p><\/p>\n\n\n\n<p><strong>La visione di Isoclima<\/strong><\/p>\n\n\n\n<p>\u201cQuesto accordo riflette una visione condivisa di eccellenza e innovazione,\u201d ha dichiarato <strong>Liviana Forza, CEO di Isoclima<\/strong>. \u201cLa nostra profonda competenza sui materiali e l\u2019utilizzo di tecnologie di processo all\u2019avanguardia ci permettono di sviluppare soluzioni di altissimo contenuto tecnologico e precisione. Attraverso quest\u2019iniziativa, insieme rafforziamo la filiera industriale e favoriamo la crescita di un polo di eccellenza che proietta il nostro territorio e l\u2019Italia ai vertici dell\u2019innovazione aerospaziale.\u201d<\/p>\n\n\n\n<p><\/p>\n\n\n\n<p><strong>Crescere Insieme: una filiera pi\u00f9 resiliente e competitiva<\/strong><\/p>\n\n\n\n<p>\u201cCrescere Insieme\u201d si concentra su aree tecnologiche chiave, legate per lo pi\u00f9 a forniture critiche, definite bottleneck items. Il programma mira a riportare in Italia oltre 1 miliardo di euro l\u2019anno di queste tipologie di componenti, la cui domanda \u00e8 destinata a crescere del 25% nei prossimi cinque anni.<\/p>\n\n\n\n<p>Il modello operativo si basa su Piani di Svil uppo Congiunto che prevedono:<\/p>\n\n\n\n<ul class=\"wp-block-list\">\n<li>supporto tecnologico e attivit\u00e0 di test da parte di Leonardo,<\/li>\n\n\n\n<li>accesso facilitato ai processi di qualifica aeronautica,<\/li>\n\n\n\n<li>co-finanziamento pubblico e privato,<\/li>\n\n\n\n<li>certificazioni come EN9100 e PART 21G\/J.<\/li>\n<\/ul>\n\n\n\n<p>Con questo accordo, Isoclima e Leonardo contribuiscono a creare una filiera nazionale integrata e all\u2019avanguardia, sostenendo la crescita di un ecosistema industriale competitivo, resiliente e sostenibile, in grado di affrontare le sfide globali e portare l\u2019innovazione italiana nel mondo.<\/p>\n\n\n\n<figure class=\"wp-block-image size-large\"><img fetchpriority=\"high\" decoding=\"async\" width=\"1024\" height=\"768\" src=\"http:\/\/www.isoclimagroup.com\/it\/wp-content\/uploads\/sites\/3\/2025\/09\/FullSizeRender-1-1024x768.jpg\" alt=\"\" class=\"wp-image-2460\" srcset=\"http:\/\/www.isoclimagroup.com\/it\/wp-content\/uploads\/sites\/3\/2025\/09\/FullSizeRender-1-1024x768.jpg 1024w, http:\/\/www.isoclimagroup.com\/it\/wp-content\/uploads\/sites\/3\/2025\/09\/FullSizeRender-1-300x225.jpg 300w, http:\/\/www.isoclimagroup.com\/it\/wp-content\/uploads\/sites\/3\/2025\/09\/FullSizeRender-1-768x576.jpg 768w, http:\/\/www.isoclimagroup.com\/it\/wp-content\/uploads\/sites\/3\/2025\/09\/FullSizeRender-1-1536x1152.jpg 1536w, http:\/\/www.isoclimagroup.com\/it\/wp-content\/uploads\/sites\/3\/2025\/09\/FullSizeRender-1-2048x1536.jpg 2048w, http:\/\/www.isoclimagroup.com\/it\/wp-content\/uploads\/sites\/3\/2025\/09\/FullSizeRender-1-1200x900.jpg 1200w, http:\/\/www.isoclimagroup.com\/it\/wp-content\/uploads\/sites\/3\/2025\/09\/FullSizeRender-1-1400x1050.jpg 1400w\" sizes=\"(max-width: 1024px) 100vw, 1024px\" \/><\/figure>\n\n\n\n<figure class=\"wp-block-image size-large\"><img decoding=\"async\" width=\"768\" height=\"1024\" src=\"http:\/\/www.isoclimagroup.com\/it\/wp-content\/uploads\/sites\/3\/2025\/09\/IMG_1204-768x1024.jpg\" alt=\"\" class=\"wp-image-2461\" srcset=\"http:\/\/www.isoclimagroup.com\/it\/wp-content\/uploads\/sites\/3\/2025\/09\/IMG_1204-768x1024.jpg 768w, http:\/\/www.isoclimagroup.com\/it\/wp-content\/uploads\/sites\/3\/2025\/09\/IMG_1204-225x300.jpg 225w, http:\/\/www.isoclimagroup.com\/it\/wp-content\/uploads\/sites\/3\/2025\/09\/IMG_1204-1152x1536.jpg 1152w, http:\/\/www.isoclimagroup.com\/it\/wp-content\/uploads\/sites\/3\/2025\/09\/IMG_1204-1536x2048.jpg 1536w, http:\/\/www.isoclimagroup.com\/it\/wp-content\/uploads\/sites\/3\/2025\/09\/IMG_1204-1200x1600.jpg 1200w, http:\/\/www.isoclimagroup.com\/it\/wp-content\/uploads\/sites\/3\/2025\/09\/IMG_1204-1400x1867.jpg 1400w, http:\/\/www.isoclimagroup.com\/it\/wp-content\/uploads\/sites\/3\/2025\/09\/IMG_1204-300x400.jpg 300w, http:\/\/www.isoclimagroup.com\/it\/wp-content\/uploads\/sites\/3\/2025\/09\/IMG_1204-scaled.jpg 1920w\" sizes=\"(max-width: 768px) 100vw, 768px\" \/><\/figure>\n\n\n\n<figure class=\"wp-block-image size-large\"><img decoding=\"async\" width=\"768\" height=\"1024\" src=\"http:\/\/www.isoclimagroup.com\/it\/wp-content\/uploads\/sites\/3\/2025\/09\/IMG_1196-768x1024.jpg\" alt=\"\" class=\"wp-image-2462\" srcset=\"http:\/\/www.isoclimagroup.com\/it\/wp-content\/uploads\/sites\/3\/2025\/09\/IMG_1196-768x1024.jpg 768w, http:\/\/www.isoclimagroup.com\/it\/wp-content\/uploads\/sites\/3\/2025\/09\/IMG_1196-225x300.jpg 225w, http:\/\/www.isoclimagroup.com\/it\/wp-content\/uploads\/sites\/3\/2025\/09\/IMG_1196-1152x1536.jpg 1152w, http:\/\/www.isoclimagroup.com\/it\/wp-content\/uploads\/sites\/3\/2025\/09\/IMG_1196-1536x2048.jpg 1536w, http:\/\/www.isoclimagroup.com\/it\/wp-content\/uploads\/sites\/3\/2025\/09\/IMG_1196-1200x1600.jpg 1200w, http:\/\/www.isoclimagroup.com\/it\/wp-content\/uploads\/sites\/3\/2025\/09\/IMG_1196-1400x1867.jpg 1400w, http:\/\/www.isoclimagroup.com\/it\/wp-content\/uploads\/sites\/3\/2025\/09\/IMG_1196-300x400.jpg 300w, http:\/\/www.isoclimagroup.com\/it\/wp-content\/uploads\/sites\/3\/2025\/09\/IMG_1196-scaled.jpg 1920w\" sizes=\"(max-width: 768px) 100vw, 768px\" \/><\/figure>\n","protected":false},"excerpt":{"rendered":"<p>Venezia, 16 settembre 2025 \u2013 Oggi, alla presenza del Presidente della Regione Veneto, Luca Zaia, &nbsp;Isoclima Group e la divisione Elicotteri di Leonardo hanno firmato un accordo strategico che sancisce l\u2019ingresso di Isoclima come prima azienda italiana a partecipare a \u201cCrescere Insieme\u201d, l\u2019iniziativa lanciata da Leonardo \u2013 Divisione Elicotteri \u2013 per rafforzare la supply chain &hellip;<\/p>\n","protected":false},"author":11,"featured_media":2459,"comment_status":"closed","ping_status":"closed","sticky":false,"template":"","format":"standard","meta":{"_acf_changed":false,"_genesis_block_theme_hide_title":false,"footnotes":""},"categories":[28],"tags":[],"class_list":{"0":"post-2458","1":"post","2":"type-post","3":"status-publish","4":"format-standard","5":"has-post-thumbnail","6":"hentry","7":"category-eventi","9":"with-featured-image"},"acf":[],"yoast_head":"<!-- This site is optimized with the Yoast SEO plugin v27.4 - https:\/\/yoast.com\/product\/yoast-seo-wordpress\/ -->\n<title>Isoclima, la prima azienda italiana ad aderire al programma \u201cCrescere Insieme\u201d della divisione Elicotteri di Leonardo: innovazione e investimenti per rafforzare la filiera nazionale dell\u2019aerospazio | Isoclima IT<\/title>\n<meta name=\"robots\" content=\"noindex, follow\" \/>\n<meta property=\"og:locale\" content=\"it_IT\" \/>\n<meta property=\"og:type\" content=\"article\" \/>\n<meta property=\"og:title\" content=\"Isoclima, la prima azienda italiana ad aderire al programma \u201cCrescere Insieme\u201d della divisione Elicotteri di Leonardo: innovazione e investimenti per rafforzare la filiera nazionale dell\u2019aerospazio | Isoclima IT\" \/>\n<meta property=\"og:description\" content=\"Venezia, 16 settembre 2025 \u2013 Oggi, alla presenza del Presidente della Regione Veneto, Luca Zaia, &nbsp;Isoclima Group e la divisione Elicotteri di Leonardo hanno firmato un accordo strategico che sancisce l\u2019ingresso di Isoclima come prima azienda italiana a partecipare a \u201cCrescere Insieme\u201d, l\u2019iniziativa lanciata da Leonardo \u2013 Divisione Elicotteri \u2013 per rafforzare la supply chain &hellip;\" \/>\n<meta property=\"og:url\" content=\"https:\/\/www.isoclimagroup.com\/it\/isoclima-la-prima-azienda-italiana-ad-aderire-al-programma-crescere-insieme-della-divisione-elicotteri-di-leonardo-innovazione-e-investimenti-per-rafforzare-la-filiera-nazionale-de\/\" \/>\n<meta property=\"og:site_name\" content=\"Isoclima IT\" \/>\n<meta property=\"article:published_time\" content=\"2025-09-17T07:02:06+00:00\" \/>\n<meta property=\"article:modified_time\" content=\"2025-09-17T07:02:07+00:00\" \/>\n<meta property=\"og:image\" content=\"https:\/\/www.isoclimagroup.com\/it\/wp-content\/uploads\/sites\/3\/2025\/09\/Firma-Liviana.jpg\" \/>\n\t<meta property=\"og:image:width\" content=\"1080\" \/>\n\t<meta property=\"og:image:height\" content=\"720\" \/>\n\t<meta property=\"og:image:type\" content=\"image\/jpeg\" \/>\n<meta name=\"author\" content=\"svitlana\" \/>\n<meta name=\"twitter:card\" content=\"summary_large_image\" \/>\n<meta name=\"twitter:label1\" content=\"Written by\" \/>\n\t<meta name=\"twitter:data1\" content=\"svitlana\" \/>\n\t<meta name=\"twitter:label2\" content=\"Est. reading time\" \/>\n\t<meta name=\"twitter:data2\" content=\"4 minuti\" \/>\n<script type=\"application\/ld+json\" class=\"yoast-schema-graph\">{\"@context\":\"https:\\\/\\\/schema.org\",\"@graph\":[{\"@type\":\"Article\",\"@id\":\"https:\\\/\\\/www.isoclimagroup.com\\\/it\\\/isoclima-la-prima-azienda-italiana-ad-aderire-al-programma-crescere-insieme-della-divisione-elicotteri-di-leonardo-innovazione-e-investimenti-per-rafforzare-la-filiera-nazionale-de\\\/#article\",\"isPartOf\":{\"@id\":\"https:\\\/\\\/www.isoclimagroup.com\\\/it\\\/isoclima-la-prima-azienda-italiana-ad-aderire-al-programma-crescere-insieme-della-divisione-elicotteri-di-leonardo-innovazione-e-investimenti-per-rafforzare-la-filiera-nazionale-de\\\/\"},\"author\":{\"name\":\"svitlana\",\"@id\":\"https:\\\/\\\/www.isoclimagroup.com\\\/it\\\/#\\\/schema\\\/person\\\/1aa6d4442870d5834e0b9046151bff2c\"},\"headline\":\"Isoclima, la prima azienda italiana ad aderire al programma \u201cCrescere Insieme\u201d della divisione Elicotteri di Leonardo: innovazione e investimenti per rafforzare la filiera nazionale dell\u2019aerospazio\",\"datePublished\":\"2025-09-17T07:02:06+00:00\",\"dateModified\":\"2025-09-17T07:02:07+00:00\",\"mainEntityOfPage\":{\"@id\":\"https:\\\/\\\/www.isoclimagroup.com\\\/it\\\/isoclima-la-prima-azienda-italiana-ad-aderire-al-programma-crescere-insieme-della-divisione-elicotteri-di-leonardo-innovazione-e-investimenti-per-rafforzare-la-filiera-nazionale-de\\\/\"},\"wordCount\":655,\"image\":{\"@id\":\"https:\\\/\\\/www.isoclimagroup.com\\\/it\\\/isoclima-la-prima-azienda-italiana-ad-aderire-al-programma-crescere-insieme-della-divisione-elicotteri-di-leonardo-innovazione-e-investimenti-per-rafforzare-la-filiera-nazionale-de\\\/#primaryimage\"},\"thumbnailUrl\":\"http:\\\/\\\/www.isoclimagroup.com\\\/it\\\/wp-content\\\/uploads\\\/sites\\\/3\\\/2025\\\/09\\\/Firma-Liviana.jpg\",\"articleSection\":[\"Eventi\"],\"inLanguage\":\"it-IT\"},{\"@type\":\"WebPage\",\"@id\":\"https:\\\/\\\/www.isoclimagroup.com\\\/it\\\/isoclima-la-prima-azienda-italiana-ad-aderire-al-programma-crescere-insieme-della-divisione-elicotteri-di-leonardo-innovazione-e-investimenti-per-rafforzare-la-filiera-nazionale-de\\\/\",\"url\":\"https:\\\/\\\/www.isoclimagroup.com\\\/it\\\/isoclima-la-prima-azienda-italiana-ad-aderire-al-programma-crescere-insieme-della-divisione-elicotteri-di-leonardo-innovazione-e-investimenti-per-rafforzare-la-filiera-nazionale-de\\\/\",\"name\":\"Isoclima, la prima azienda italiana ad aderire al programma \u201cCrescere Insieme\u201d della divisione Elicotteri di Leonardo: innovazione e investimenti per rafforzare la filiera nazionale dell\u2019aerospazio | Isoclima IT\",\"isPartOf\":{\"@id\":\"https:\\\/\\\/www.isoclimagroup.com\\\/it\\\/#website\"},\"primaryImageOfPage\":{\"@id\":\"https:\\\/\\\/www.isoclimagroup.com\\\/it\\\/isoclima-la-prima-azienda-italiana-ad-aderire-al-programma-crescere-insieme-della-divisione-elicotteri-di-leonardo-innovazione-e-investimenti-per-rafforzare-la-filiera-nazionale-de\\\/#primaryimage\"},\"image\":{\"@id\":\"https:\\\/\\\/www.isoclimagroup.com\\\/it\\\/isoclima-la-prima-azienda-italiana-ad-aderire-al-programma-crescere-insieme-della-divisione-elicotteri-di-leonardo-innovazione-e-investimenti-per-rafforzare-la-filiera-nazionale-de\\\/#primaryimage\"},\"thumbnailUrl\":\"http:\\\/\\\/www.isoclimagroup.com\\\/it\\\/wp-content\\\/uploads\\\/sites\\\/3\\\/2025\\\/09\\\/Firma-Liviana.jpg\",\"datePublished\":\"2025-09-17T07:02:06+00:00\",\"dateModified\":\"2025-09-17T07:02:07+00:00\",\"author\":{\"@id\":\"https:\\\/\\\/www.isoclimagroup.com\\\/it\\\/#\\\/schema\\\/person\\\/1aa6d4442870d5834e0b9046151bff2c\"},\"breadcrumb\":{\"@id\":\"https:\\\/\\\/www.isoclimagroup.com\\\/it\\\/isoclima-la-prima-azienda-italiana-ad-aderire-al-programma-crescere-insieme-della-divisione-elicotteri-di-leonardo-innovazione-e-investimenti-per-rafforzare-la-filiera-nazionale-de\\\/#breadcrumb\"},\"inLanguage\":\"it-IT\",\"potentialAction\":[{\"@type\":\"ReadAction\",\"target\":[\"https:\\\/\\\/www.isoclimagroup.com\\\/it\\\/isoclima-la-prima-azienda-italiana-ad-aderire-al-programma-crescere-insieme-della-divisione-elicotteri-di-leonardo-innovazione-e-investimenti-per-rafforzare-la-filiera-nazionale-de\\\/\"]}]},{\"@type\":\"ImageObject\",\"inLanguage\":\"it-IT\",\"@id\":\"https:\\\/\\\/www.isoclimagroup.com\\\/it\\\/isoclima-la-prima-azienda-italiana-ad-aderire-al-programma-crescere-insieme-della-divisione-elicotteri-di-leonardo-innovazione-e-investimenti-per-rafforzare-la-filiera-nazionale-de\\\/#primaryimage\",\"url\":\"http:\\\/\\\/www.isoclimagroup.com\\\/it\\\/wp-content\\\/uploads\\\/sites\\\/3\\\/2025\\\/09\\\/Firma-Liviana.jpg\",\"contentUrl\":\"http:\\\/\\\/www.isoclimagroup.com\\\/it\\\/wp-content\\\/uploads\\\/sites\\\/3\\\/2025\\\/09\\\/Firma-Liviana.jpg\",\"width\":1080,\"height\":720},{\"@type\":\"BreadcrumbList\",\"@id\":\"https:\\\/\\\/www.isoclimagroup.com\\\/it\\\/isoclima-la-prima-azienda-italiana-ad-aderire-al-programma-crescere-insieme-della-divisione-elicotteri-di-leonardo-innovazione-e-investimenti-per-rafforzare-la-filiera-nazionale-de\\\/#breadcrumb\",\"itemListElement\":[{\"@type\":\"ListItem\",\"position\":1,\"name\":\"Home\",\"item\":\"https:\\\/\\\/www.isoclimagroup.com\\\/it\\\/\"},{\"@type\":\"ListItem\",\"position\":2,\"name\":\"Isoclima, la prima azienda italiana ad aderire al programma \u201cCrescere Insieme\u201d della divisione Elicotteri di Leonardo: innovazione e investimenti per rafforzare la filiera nazionale dell\u2019aerospazio\"}]},{\"@type\":\"WebSite\",\"@id\":\"https:\\\/\\\/www.isoclimagroup.com\\\/it\\\/#website\",\"url\":\"https:\\\/\\\/www.isoclimagroup.com\\\/it\\\/\",\"name\":\"Isoclima IT\",\"description\":\"\",\"potentialAction\":[{\"@type\":\"SearchAction\",\"target\":{\"@type\":\"EntryPoint\",\"urlTemplate\":\"https:\\\/\\\/www.isoclimagroup.com\\\/it\\\/?s={search_term_string}\"},\"query-input\":{\"@type\":\"PropertyValueSpecification\",\"valueRequired\":true,\"valueName\":\"search_term_string\"}}],\"inLanguage\":\"it-IT\"},{\"@type\":\"Person\",\"@id\":\"https:\\\/\\\/www.isoclimagroup.com\\\/it\\\/#\\\/schema\\\/person\\\/1aa6d4442870d5834e0b9046151bff2c\",\"name\":\"svitlana\",\"image\":{\"@type\":\"ImageObject\",\"inLanguage\":\"it-IT\",\"@id\":\"http:\\\/\\\/www.isoclimagroup.com\\\/it\\\/wp-content\\\/uploads\\\/sites\\\/3\\\/2025\\\/06\\\/Senza-titolo-3-300x300-1-e1749739950513-150x150.png\",\"url\":\"http:\\\/\\\/www.isoclimagroup.com\\\/it\\\/wp-content\\\/uploads\\\/sites\\\/3\\\/2025\\\/06\\\/Senza-titolo-3-300x300-1-e1749739950513-150x150.png\",\"contentUrl\":\"http:\\\/\\\/www.isoclimagroup.com\\\/it\\\/wp-content\\\/uploads\\\/sites\\\/3\\\/2025\\\/06\\\/Senza-titolo-3-300x300-1-e1749739950513-150x150.png\",\"caption\":\"svitlana\"},\"url\":\"http:\\\/\\\/www.isoclimagroup.com\\\/it\\\/author\\\/svitlana\\\/\"}]}<\/script>\n<!-- \/ Yoast SEO plugin. -->","yoast_head_json":{"title":"Isoclima, la prima azienda italiana ad aderire al programma \u201cCrescere Insieme\u201d della divisione Elicotteri di Leonardo: innovazione e investimenti per rafforzare la filiera nazionale dell\u2019aerospazio | Isoclima IT","robots":{"index":"noindex","follow":"follow"},"og_locale":"it_IT","og_type":"article","og_title":"Isoclima, la prima azienda italiana ad aderire al programma \u201cCrescere Insieme\u201d della divisione Elicotteri di Leonardo: innovazione e investimenti per rafforzare la filiera nazionale dell\u2019aerospazio | Isoclima IT","og_description":"Venezia, 16 settembre 2025 \u2013 Oggi, alla presenza del Presidente della Regione Veneto, Luca Zaia, &nbsp;Isoclima Group e la divisione Elicotteri di Leonardo hanno firmato un accordo strategico che sancisce l\u2019ingresso di Isoclima come prima azienda italiana a partecipare a \u201cCrescere Insieme\u201d, l\u2019iniziativa lanciata da Leonardo \u2013 Divisione Elicotteri \u2013 per rafforzare la supply chain &hellip;","og_url":"https:\/\/www.isoclimagroup.com\/it\/isoclima-la-prima-azienda-italiana-ad-aderire-al-programma-crescere-insieme-della-divisione-elicotteri-di-leonardo-innovazione-e-investimenti-per-rafforzare-la-filiera-nazionale-de\/","og_site_name":"Isoclima IT","article_published_time":"2025-09-17T07:02:06+00:00","article_modified_time":"2025-09-17T07:02:07+00:00","og_image":[{"width":1080,"height":720,"url":"https:\/\/www.isoclimagroup.com\/it\/wp-content\/uploads\/sites\/3\/2025\/09\/Firma-Liviana.jpg","type":"image\/jpeg"}],"author":"svitlana","twitter_card":"summary_large_image","twitter_misc":{"Written by":"svitlana","Est. reading time":"4 minuti"},"schema":{"@context":"https:\/\/schema.org","@graph":[{"@type":"Article","@id":"https:\/\/www.isoclimagroup.com\/it\/isoclima-la-prima-azienda-italiana-ad-aderire-al-programma-crescere-insieme-della-divisione-elicotteri-di-leonardo-innovazione-e-investimenti-per-rafforzare-la-filiera-nazionale-de\/#article","isPartOf":{"@id":"https:\/\/www.isoclimagroup.com\/it\/isoclima-la-prima-azienda-italiana-ad-aderire-al-programma-crescere-insieme-della-divisione-elicotteri-di-leonardo-innovazione-e-investimenti-per-rafforzare-la-filiera-nazionale-de\/"},"author":{"name":"svitlana","@id":"https:\/\/www.isoclimagroup.com\/it\/#\/schema\/person\/1aa6d4442870d5834e0b9046151bff2c"},"headline":"Isoclima, la prima azienda italiana ad aderire al programma \u201cCrescere Insieme\u201d della divisione Elicotteri di Leonardo: innovazione e investimenti per rafforzare la filiera nazionale dell\u2019aerospazio","datePublished":"2025-09-17T07:02:06+00:00","dateModified":"2025-09-17T07:02:07+00:00","mainEntityOfPage":{"@id":"https:\/\/www.isoclimagroup.com\/it\/isoclima-la-prima-azienda-italiana-ad-aderire-al-programma-crescere-insieme-della-divisione-elicotteri-di-leonardo-innovazione-e-investimenti-per-rafforzare-la-filiera-nazionale-de\/"},"wordCount":655,"image":{"@id":"https:\/\/www.isoclimagroup.com\/it\/isoclima-la-prima-azienda-italiana-ad-aderire-al-programma-crescere-insieme-della-divisione-elicotteri-di-leonardo-innovazione-e-investimenti-per-rafforzare-la-filiera-nazionale-de\/#primaryimage"},"thumbnailUrl":"http:\/\/www.isoclimagroup.com\/it\/wp-content\/uploads\/sites\/3\/2025\/09\/Firma-Liviana.jpg","articleSection":["Eventi"],"inLanguage":"it-IT"},{"@type":"WebPage","@id":"https:\/\/www.isoclimagroup.com\/it\/isoclima-la-prima-azienda-italiana-ad-aderire-al-programma-crescere-insieme-della-divisione-elicotteri-di-leonardo-innovazione-e-investimenti-per-rafforzare-la-filiera-nazionale-de\/","url":"https:\/\/www.isoclimagroup.com\/it\/isoclima-la-prima-azienda-italiana-ad-aderire-al-programma-crescere-insieme-della-divisione-elicotteri-di-leonardo-innovazione-e-investimenti-per-rafforzare-la-filiera-nazionale-de\/","name":"Isoclima, la prima azienda italiana ad aderire al programma \u201cCrescere Insieme\u201d della divisione Elicotteri di Leonardo: innovazione e investimenti per rafforzare la filiera nazionale dell\u2019aerospazio | Isoclima IT","isPartOf":{"@id":"https:\/\/www.isoclimagroup.com\/it\/#website"},"primaryImageOfPage":{"@id":"https:\/\/www.isoclimagroup.com\/it\/isoclima-la-prima-azienda-italiana-ad-aderire-al-programma-crescere-insieme-della-divisione-elicotteri-di-leonardo-innovazione-e-investimenti-per-rafforzare-la-filiera-nazionale-de\/#primaryimage"},"image":{"@id":"https:\/\/www.isoclimagroup.com\/it\/isoclima-la-prima-azienda-italiana-ad-aderire-al-programma-crescere-insieme-della-divisione-elicotteri-di-leonardo-innovazione-e-investimenti-per-rafforzare-la-filiera-nazionale-de\/#primaryimage"},"thumbnailUrl":"http:\/\/www.isoclimagroup.com\/it\/wp-content\/uploads\/sites\/3\/2025\/09\/Firma-Liviana.jpg","datePublished":"2025-09-17T07:02:06+00:00","dateModified":"2025-09-17T07:02:07+00:00","author":{"@id":"https:\/\/www.isoclimagroup.com\/it\/#\/schema\/person\/1aa6d4442870d5834e0b9046151bff2c"},"breadcrumb":{"@id":"https:\/\/www.isoclimagroup.com\/it\/isoclima-la-prima-azienda-italiana-ad-aderire-al-programma-crescere-insieme-della-divisione-elicotteri-di-leonardo-innovazione-e-investimenti-per-rafforzare-la-filiera-nazionale-de\/#breadcrumb"},"inLanguage":"it-IT","potentialAction":[{"@type":"ReadAction","target":["https:\/\/www.isoclimagroup.com\/it\/isoclima-la-prima-azienda-italiana-ad-aderire-al-programma-crescere-insieme-della-divisione-elicotteri-di-leonardo-innovazione-e-investimenti-per-rafforzare-la-filiera-nazionale-de\/"]}]},{"@type":"ImageObject","inLanguage":"it-IT","@id":"https:\/\/www.isoclimagroup.com\/it\/isoclima-la-prima-azienda-italiana-ad-aderire-al-programma-crescere-insieme-della-divisione-elicotteri-di-leonardo-innovazione-e-investimenti-per-rafforzare-la-filiera-nazionale-de\/#primaryimage","url":"http:\/\/www.isoclimagroup.com\/it\/wp-content\/uploads\/sites\/3\/2025\/09\/Firma-Liviana.jpg","contentUrl":"http:\/\/www.isoclimagroup.com\/it\/wp-content\/uploads\/sites\/3\/2025\/09\/Firma-Liviana.jpg","width":1080,"height":720},{"@type":"BreadcrumbList","@id":"https:\/\/www.isoclimagroup.com\/it\/isoclima-la-prima-azienda-italiana-ad-aderire-al-programma-crescere-insieme-della-divisione-elicotteri-di-leonardo-innovazione-e-investimenti-per-rafforzare-la-filiera-nazionale-de\/#breadcrumb","itemListElement":[{"@type":"ListItem","position":1,"name":"Home","item":"https:\/\/www.isoclimagroup.com\/it\/"},{"@type":"ListItem","position":2,"name":"Isoclima, la prima azienda italiana ad aderire al programma \u201cCrescere Insieme\u201d della divisione Elicotteri di Leonardo: innovazione e investimenti per rafforzare la filiera nazionale dell\u2019aerospazio"}]},{"@type":"WebSite","@id":"https:\/\/www.isoclimagroup.com\/it\/#website","url":"https:\/\/www.isoclimagroup.com\/it\/","name":"Isoclima IT","description":"","potentialAction":[{"@type":"SearchAction","target":{"@type":"EntryPoint","urlTemplate":"https:\/\/www.isoclimagroup.com\/it\/?s={search_term_string}"},"query-input":{"@type":"PropertyValueSpecification","valueRequired":true,"valueName":"search_term_string"}}],"inLanguage":"it-IT"},{"@type":"Person","@id":"https:\/\/www.isoclimagroup.com\/it\/#\/schema\/person\/1aa6d4442870d5834e0b9046151bff2c","name":"svitlana","image":{"@type":"ImageObject","inLanguage":"it-IT","@id":"http:\/\/www.isoclimagroup.com\/it\/wp-content\/uploads\/sites\/3\/2025\/06\/Senza-titolo-3-300x300-1-e1749739950513-150x150.png","url":"http:\/\/www.isoclimagroup.com\/it\/wp-content\/uploads\/sites\/3\/2025\/06\/Senza-titolo-3-300x300-1-e1749739950513-150x150.png","contentUrl":"http:\/\/www.isoclimagroup.com\/it\/wp-content\/uploads\/sites\/3\/2025\/06\/Senza-titolo-3-300x300-1-e1749739950513-150x150.png","caption":"svitlana"},"url":"http:\/\/www.isoclimagroup.com\/it\/author\/svitlana\/"}]}},"_links":{"self":[{"href":"http:\/\/www.isoclimagroup.com\/it\/wp-json\/wp\/v2\/posts\/2458","targetHints":{"allow":["GET"]}}],"collection":[{"href":"http:\/\/www.isoclimagroup.com\/it\/wp-json\/wp\/v2\/posts"}],"about":[{"href":"http:\/\/www.isoclimagroup.com\/it\/wp-json\/wp\/v2\/types\/post"}],"author":[{"embeddable":true,"href":"http:\/\/www.isoclimagroup.com\/it\/wp-json\/wp\/v2\/users\/11"}],"replies":[{"embeddable":true,"href":"http:\/\/www.isoclimagroup.com\/it\/wp-json\/wp\/v2\/comments?post=2458"}],"version-history":[{"count":0,"href":"http:\/\/www.isoclimagroup.com\/it\/wp-json\/wp\/v2\/posts\/2458\/revisions"}],"wp:featuredmedia":[{"embeddable":true,"href":"http:\/\/www.isoclimagroup.com\/it\/wp-json\/wp\/v2\/media\/2459"}],"wp:attachment":[{"href":"http:\/\/www.isoclimagroup.com\/it\/wp-json\/wp\/v2\/media?parent=2458"}],"wp:term":[{"taxonomy":"category","embeddable":true,"href":"http:\/\/www.isoclimagroup.com\/it\/wp-json\/wp\/v2\/categories?post=2458"},{"taxonomy":"post_tag","embeddable":true,"href":"http:\/\/www.isoclimagroup.com\/it\/wp-json\/wp\/v2\/tags?post=2458"}],"curies":[{"name":"wp","href":"https:\/\/api.w.org\/{rel}","templated":true}]}}